{"id":923,"date":"2022-06-28T22:01:02","date_gmt":"2022-06-28T20:01:02","guid":{"rendered":"https:\/\/sakamesemaluku.com\/?p=923"},"modified":"2022-06-28T22:01:03","modified_gmt":"2022-06-28T20:01:03","slug":"vreedzame-aktie-a-s-vrijdag-1-juli-in-wierden","status":"publish","type":"post","link":"https:\/\/sakamesemaluku.com\/nl\/vreedzame-aktie-a-s-vrijdag-1-juli-in-wierden\/","title":{"rendered":"Vreedzame aktie a.s. vrijdag 1 juli in Wierden\u00a0"},"content":{"rendered":"\n<p>Voor de ex-bewoners en hun nazaten van kamp Vossenbosch in Wierden.<\/p>\n\n\n\n<p>Zoals bekend komt koning Willem-Alexander op vrijdag 1 juli naar voormalig kamp Vossenbosch om aanwezig te zijn bij de ceremoni\u00eble overdracht van Monument Vossenbosch aan de Molukse gemeenschap in Wierden. Het Monument Vossenbosch heeft oa als doel het levend en levendig houden van de geschiedenis van de Molukse gemeenschap in Wierden.<\/p>\n\n\n\n<p>Deze overdracht zal vooral in het teken staan &nbsp;van de aankomst in Nederland, de opvang en het leven in kamp Vossenbosch en de integratie van de Molukse gemeenschap in Wierden\/Overijssel.<\/p>\n\n\n\n<p>Dit is ook het moment om het volgende onder de aandacht van koning Willem-Alexander te brengen:<\/p>\n\n\n\n<p>\u2022 Aanleiding van de komst van de Molukkers in Nederland was de onafhankelijkheid van de Republiek der Zuid Molukken (RMS). De Molukse KNIL militairen, vooral gestationeerd op Java, wilden terug naar Maluku om het vaderland te verdedigen tegen Indonesi\u00eb. Dit werd onmogelijk gemaakt door Nederland en Indonesi\u00eb. De oplossing was om de Molukse militairen met hun gezinnen (op bevel) tijdelijk naar Nederland over te brengen &nbsp;met de belofte om na 3 maanden terug te kunnen keren naar een vrij Maluku. Het bleek een loze belofte en tijdelijk werd voor altijd.<\/p>\n\n\n\n<p>\u2022 Het aangedane leed en verdriet van de Molukse KNIL militairen en hun gezinnen bij aankomst en tijdens de opvang: oneervol ontslag uit het leger, wonen in tochtige houten barakken, geen onderwijs of praktische opleiding, geen weerzien met ouders, grootouders, broers en zussen, jeugdvrienden en geboortedorp. Het gedwongen verblijf werd gevoeld als politieke gevangenschap.<\/p>\n\n\n\n<p>\u2022 De RMS is kort na het ontstaan in 1950 bezet door Indonesi\u00eb als gevolg van een falend dekolonisatiebeleid van Nederland. Het hebben van monumenten in Nederland is een leuk gebaar maar door het niet erkennen van de RMS, de RMS regering in ballingschap en het niet voltooien van het dekolonisatieproces zal de Molukse gemeenschap in Nederland zich nooit 100% serieus genomen voelen door de Nederlandse overheid.<\/p>\n\n\n\n<p>Het gevoel van niet serieus genomen worden door de Nederlandse overheid is door de jaren heen niet minder geworden en een aantal keer zelfs versterkt. Enkele voorbeelden:<\/p>\n\n\n\n<p>\u2022 Het niet expliciet erkennen van de moordpartijen en plunderingen op Maluku en de onderdrukking &nbsp;van het Molukse volk ten tijde van de VOC \u00e9n wel het in stand houden van VOC monumenten.<\/p>\n\n\n\n<p>\u2022 Jaarlijks tijdens de 4\/5 mei herdenkingen. Het onbenoemd laten van de belangrijke rol die Molukse bevolking had bij de bevrijding van Nederlands-Indi\u00eb tijdens de 2e wereldoorlog. Vele van hen zijn gesneuveld voor de Nederlandse vlag en het koningshuis.<\/p>\n\n\n\n<p>\u2022 De woorden van koningin Juliana bij de onafhankelijkheid van Suriname in 1975 \u201cieder volk heeft recht op onafhankelijkheid\u201d. Waarom geldt dat niet voor het Molukse volk dan?<\/p>\n\n\n\n<p>\u2022 De excuses in 2020 van Koning Willem-Alexander aan Indonesi\u00eb. Er wordt zomaar voorbij gegaan aan de onderdrukking en neo-kolonisatie van Maluku en West-Papua door Indonesi\u00eb. Dat terwijl Maluku en West-Papua de trouwste bondgenoten waren in de periode van Nederlands-Indi\u00eb. Deze is een mes in de rug van de Molukse bevolking.<\/p>\n\n\n\n<p>\u2022 Onze vaders vochten voor Oranje, waren trotse soldaten. Eenmaal in Holland werden ze vernederd, vertrapt. WAAROM?<\/p>\n\n\n\n<p>De doorwerking van al deze punten is tot op de dag van vandaag voelbaar en meetbaar. Daarom nodigt de organisatie Vrije Molukse Jongeren (VMJ) een ieder uit om op vreedzame manier onze gevoelens en gedachten kenbaar te maken<\/p>\n\n\n\n<p>Dit kunnen we doen door te komen met:<\/p>\n\n\n\n<p>1) &nbsp;vergrote foto&#8217;s van onze ouders en\/of opa\u2019s en oma&#8217;s<\/p>\n\n\n\n<p>2) &nbsp;neem de RMS-vlag, onze nationale vierkleur mee<\/p>\n\n\n\n<p>3) &nbsp; herkenbare kleding van onze ouders en opa&#8217;s en oma&#8217;s<\/p>\n\n\n\n<p>a. &nbsp;mannen in kaki legerkleding<\/p>\n\n\n\n<p>b. &nbsp;vrouwen in kain kebaja<\/p>\n\n\n\n<p>c. &nbsp; of anders: in het zwart&nbsp;<\/p>\n\n\n\n<p>4)&nbsp; VMJ zorgt voor spandoeken<\/p>\n\n\n\n<p>Verzamelen om 13.00 bij het veld van Stichting Kandjoli.<\/p>\n\n\n\n<p>Verkleed zoals onze ouders hier gekomen zijn, staan we langs de weg, waar koning Willem Alexander langskomt met foto\u2019s van onze ouders, onze RMS-vlag en spandoeken.<\/p>\n\n\n\n<p>Voor meer informatie kunt u contact opnemen via&nbsp;<a href=\"mailto:vrije.molukse.jongeren@gmail.com\">vrije.molukse.jongeren@gmail.com<\/a><\/p>\n\n\n\n<p>of telefonisch met Paul Lawalata 0618121400Vrije Molukse Jongeren<\/p>\n\n\n\n<figure class=\"wp-block-image size-large\"><img fetchpriority=\"high\" decoding=\"async\" width=\"1024\" height=\"1024\" src=\"https:\/\/sakamesemaluku.com\/wp-content\/uploads\/2022\/06\/Collage_2022-06-27_23_46_41-1024x1024.jpg\" alt=\"\" class=\"wp-image-924\" srcset=\"https:\/\/sakamesemaluku.com\/wp-content\/uploads\/2022\/06\/Collage_2022-06-27_23_46_41-1024x1024.jpg 1024w, https:\/\/sakamesemaluku.com\/wp-content\/uploads\/2022\/06\/Collage_2022-06-27_23_46_41-300x300.jpg 300w, https:\/\/sakamesemaluku.com\/wp-content\/uploads\/2022\/06\/Collage_2022-06-27_23_46_41-150x150.jpg 150w, https:\/\/sakamesemaluku.com\/wp-content\/uploads\/2022\/06\/Collage_2022-06-27_23_46_41-768x768.jpg 768w, https:\/\/sakamesemaluku.com\/wp-content\/uploads\/2022\/06\/Collage_2022-06-27_23_46_41-1536x1536.jpg 1536w, https:\/\/sakamesemaluku.com\/wp-content\/uploads\/2022\/06\/Collage_2022-06-27_23_46_41.jpg 1800w\" sizes=\"(max-width: 1024px) 100vw, 1024px\" \/><\/figure>\n","protected":false},"excerpt":{"rendered":"<p>Voor de ex-bewoners en hun nazaten van kamp Vossenbosch in Wierden. Zoals bekend komt koning Willem-Alexander op vrijdag 1 juli naar voormalig kamp Vossenbosch om [&hellip;]<\/p>\n","protected":false},"author":1,"featured_media":0,"comment_status":"closed","ping_status":"closed","sticky":false,"template":"","format":"standard","meta":{"footnotes":""},"categories":[6],"tags":[],"class_list":["post-923","post","type-post","status-publish","format-standard","hentry","category-oproepen"],"_links":{"self":[{"href":"https:\/\/sakamesemaluku.com\/nl\/wp-json\/wp\/v2\/posts\/923","targetHints":{"allow":["GET"]}}],"collection":[{"href":"https:\/\/sakamesemaluku.com\/nl\/wp-json\/wp\/v2\/posts"}],"about":[{"href":"https:\/\/sakamesemaluku.com\/nl\/wp-json\/wp\/v2\/types\/post"}],"author":[{"embeddable":true,"href":"https:\/\/sakamesemaluku.com\/nl\/wp-json\/wp\/v2\/users\/1"}],"replies":[{"embeddable":true,"href":"https:\/\/sakamesemaluku.com\/nl\/wp-json\/wp\/v2\/comments?post=923"}],"version-history":[{"count":1,"href":"https:\/\/sakamesemaluku.com\/nl\/wp-json\/wp\/v2\/posts\/923\/revisions"}],"predecessor-version":[{"id":925,"href":"https:\/\/sakamesemaluku.com\/nl\/wp-json\/wp\/v2\/posts\/923\/revisions\/925"}],"wp:attachment":[{"href":"https:\/\/sakamesemaluku.com\/nl\/wp-json\/wp\/v2\/media?parent=923"}],"wp:term":[{"taxonomy":"category","embeddable":true,"href":"https:\/\/sakamesemaluku.com\/nl\/wp-json\/wp\/v2\/categories?post=923"},{"taxonomy":"post_tag","embeddable":true,"href":"https:\/\/sakamesemaluku.com\/nl\/wp-json\/wp\/v2\/tags?post=923"}],"curies":[{"name":"wp","href":"https:\/\/api.w.org\/{rel}","templated":true}]}}